{"id":4885,"date":"2026-04-08T09:22:40","date_gmt":"2026-04-08T13:22:40","guid":{"rendered":"https:\/\/franchir.ca\/?p=4885"},"modified":"2026-04-08T09:22:44","modified_gmt":"2026-04-08T13:22:44","slug":"franchir-accueille-trois-nouvelles-collegues","status":"publish","type":"post","link":"https:\/\/franchir.ca\/en\/franchir-accueille-trois-nouvelles-collegues\/","title":{"rendered":"Franchir accueille trois nouvelles coll\u00e8gues!"},"content":{"rendered":"\n<p>Franchir annonce l&#8217;arriv\u00e9e de trois nouvelles personnes au sein de son \u00e9quipe, afin de venir \u00e9pauler la croissance de ses trois principaux p\u00f4les d&#8217;activit\u00e9s. Audrey Huot-Grondin est embauch\u00e9e \u00e0 titre de directrice, relations publiques, tandis que Caroline Le Lem et Rose Guinois se joignent quant \u00e0 elle \u00e0 Franchir respectivement \u00e0 titre de coordonnatrice, communications num\u00e9riques et coordonnatrice, \u00e9v\u00e9nementiel exp\u00e9rientiel.&nbsp;<\/p>\n\n\n\n<p>Anim\u00e9e par une curiosit\u00e9 insatiable et un profond d\u00e9sir de cr\u00e9er des campagnes ayant une incidence positive pour ses clients et les communaut\u00e9s qu\u2019ils servent, Audrey met depuis plus de dix ans son expertise au service d\u2019organisations qui partagent sa conviction\u202f: la communication strat\u00e9gique peut \u00eatre un puissant levier de changement. Elle aura notamment comme responsabilit\u00e9s d&#8217;importants mandats en affaires publiques, ainsi que le d\u00e9veloppement organique des comptes existants et la r\u00e9tention des clients.<\/p>\n\n\n\n<p>De son c\u00f4t\u00e9, Caroline est titulaire d\u2019une ma\u00eetrise en communication et marketing num\u00e9rique et a acquis une exp\u00e9rience de plus de trois ans en agence. Son parcours s\u2019inscrit \u00e0 la crois\u00e9e de la strat\u00e9gie, de la cr\u00e9ation de contenu et de la gestion de projets num\u00e9riques. Son ouverture d\u2019esprit, sa capacit\u00e9 d\u2019adaptation et son enthousiasme lui permettent de s\u2019investir pleinement dans les projets, toujours avec curiosit\u00e9, \u00e9nergie et envie de bien faire.<\/p>\n\n\n\n<p>Rose est quant \u00e0 elle sur le point d\u2019obtenir un baccalaur\u00e9at en relations publiques de l\u2019UQ\u00c0M. D\u00e9brouillarde et rigoureuse, elle aime travailler avec les gens et vivre des exp\u00e9riences collectives porteuses de sens. Faire vivre des \u00e9motions aux participant\u00b7e\u00b7s d\u2019\u00e9v\u00e9nements la nourrit profond\u00e9ment, tout comme mesurer l\u2019impact r\u00e9el de ce qui a \u00e9t\u00e9 cr\u00e9\u00e9.<\/p>\n\n\n\n<blockquote class=\"wp-block-quote is-layout-flow wp-block-quote-is-layout-flow\">\n<p><em>\u00ab Nous sommes emball\u00e9\u00b7e\u00b7s d\u2019accueillir ces trois nouvelles coll\u00e8gues, souligne Anne-Marie Caron, pr\u00e9sidente et cofondatrice de Franchir. La croissance de l&#8217;\u00e9quipe t\u00e9moigne de beaux d\u00e9veloppements pour l&#8217;agence et ces embauches nous confirment que la qualit\u00e9 de notre travail porte fruit! Nul doute qu&#8217;Audrey, Caroline et Rose nous aideront \u00e0 faire vivre notre vision, d&#8217;un service client impeccable \u00e0 la livraison de projets rigoureux qui se d\u00e9marquent. \u00bb<\/em><\/p>\n<\/blockquote>\n\n\n\n<p><strong>Une \u00e9volution du d\u00e9partement num\u00e9rique<br><\/strong>Apr\u00e8s un an \u00e0 diriger des comptes en r\u00e9seaux sociaux et en strat\u00e9gie chez Franchir, Adeline Auguin voit son titre \u00e9voluer vers celui de directrice, strat\u00e9gie num\u00e9rique. Ce changement vise \u00e0 concr\u00e9tiser et exposer l&#8217;expertise grandissante de l&#8217;agence en cr\u00e9ation de strat\u00e9gies num\u00e9rique pour un nombre de clients grandissant.<\/p>\n","protected":false},"excerpt":{"rendered":"<p>De nouvelles ressources pour bonifier la gamme de services de Franchir<br \/>\net renforcer la direction.<\/p>\n","protected":false},"author":2,"featured_media":4888,"comment_status":"open","ping_status":"open","sticky":false,"template":"","format":"standard","meta":{"_acf_changed":false,"inline_featured_image":false,"_jetpack_memberships_contains_paid_content":false,"footnotes":"","jetpack_publicize_message":"","jetpack_publicize_feature_enabled":true,"jetpack_social_post_already_shared":true,"jetpack_social_options":{"image_generator_settings":{"template":"highway","default_image_id":0,"font":"","enabled":false},"version":2}},"categories":[132,108,107],"tags":[],"class_list":["post-4885","post","type-post","status-publish","format-standard","has-post-thumbnail","hentry","category-annonce","category-communication","category-ressources-humaines"],"acf":[],"yoast_head":"<!-- This site is optimized with the Yoast SEO plugin v25.8 - https:\/\/yoast.com\/wordpress\/plugins\/seo\/ -->\n<title>Franchir accueille trois nouvelles coll\u00e8gues! -<\/title>\n<meta name=\"description\" content=\"De nouvelles ressources pour bonifier la gamme de services de Franchir et renforcer la direction.\" \/>\n<meta name=\"robots\" content=\"index, follow, max-snippet:-1, max-image-preview:large, max-video-preview:-1\" \/>\n<link rel=\"canonical\" href=\"https:\/\/franchir.ca\/en\/franchir-accueille-trois-nouvelles-collegues\/\" \/>\n<meta property=\"og:locale\" content=\"en_US\" \/>\n<meta property=\"og:type\" content=\"article\" \/>\n<meta property=\"og:title\" content=\"Franchir accueille trois nouvelles coll\u00e8gues! -\" \/>\n<meta property=\"og:description\" content=\"De nouvelles ressources pour bonifier la gamme de services de Franchir et renforcer la direction.\" \/>\n<meta property=\"og:url\" content=\"https:\/\/franchir.ca\/en\/franchir-accueille-trois-nouvelles-collegues\/\" \/>\n<meta property=\"article:publisher\" content=\"https:\/\/www.facebook.com\/AgenceFranchir\" \/>\n<meta property=\"article:published_time\" content=\"2026-04-08T13:22:40+00:00\" \/>\n<meta property=\"article:modified_time\" content=\"2026-04-08T13:22:44+00:00\" \/>\n<meta property=\"og:image\" content=\"https:\/\/franchir.ca\/wp-content\/uploads\/2026\/04\/nouveau-projet-1024x691.png\" \/>\n\t<meta property=\"og:image:width\" content=\"1024\" \/>\n\t<meta property=\"og:image:height\" content=\"691\" \/>\n\t<meta property=\"og:image:type\" content=\"image\/png\" \/>\n<meta name=\"author\" content=\"Mireille Azema\" \/>\n<meta name=\"twitter:card\" content=\"summary_large_image\" \/>\n<meta name=\"twitter:creator\" content=\"@AgenceFranchir\" \/>\n<meta name=\"twitter:site\" content=\"@AgenceFranchir\" \/>\n<meta name=\"twitter:label1\" content=\"Written by\" \/>\n\t<meta name=\"twitter:data1\" content=\"Mireille Azema\" \/>\n\t<meta name=\"twitter:label2\" content=\"Est. reading time\" \/>\n\t<meta name=\"twitter:data2\" content=\"2 minutes\" \/>\n<script type=\"application\/ld+json\" class=\"yoast-schema-graph\">{\"@context\":\"https:\/\/schema.org\",\"@graph\":[{\"@type\":\"Article\",\"@id\":\"https:\/\/franchir.ca\/en\/franchir-accueille-trois-nouvelles-collegues\/#article\",\"isPartOf\":{\"@id\":\"https:\/\/franchir.ca\/en\/franchir-accueille-trois-nouvelles-collegues\/\"},\"author\":{\"name\":\"Mireille Azema\",\"@id\":\"https:\/\/franchir.ca\/en\/#\/schema\/person\/d341dfc304108ecd9143c97555892e70\"},\"headline\":\"Franchir accueille trois nouvelles coll\u00e8gues!\",\"datePublished\":\"2026-04-08T13:22:40+00:00\",\"dateModified\":\"2026-04-08T13:22:44+00:00\",\"mainEntityOfPage\":{\"@id\":\"https:\/\/franchir.ca\/en\/franchir-accueille-trois-nouvelles-collegues\/\"},\"wordCount\":447,\"commentCount\":0,\"publisher\":{\"@id\":\"https:\/\/franchir.ca\/en\/#organization\"},\"image\":{\"@id\":\"https:\/\/franchir.ca\/en\/franchir-accueille-trois-nouvelles-collegues\/#primaryimage\"},\"thumbnailUrl\":\"https:\/\/franchir.ca\/wp-content\/uploads\/2026\/04\/nouveau-projet.png\",\"articleSection\":[\"Annonce\",\"Communication\",\"Ressources Humaines\"],\"inLanguage\":\"en-US\",\"potentialAction\":[{\"@type\":\"CommentAction\",\"name\":\"Comment\",\"target\":[\"https:\/\/franchir.ca\/en\/franchir-accueille-trois-nouvelles-collegues\/#respond\"]}]},{\"@type\":\"WebPage\",\"@id\":\"https:\/\/franchir.ca\/en\/franchir-accueille-trois-nouvelles-collegues\/\",\"url\":\"https:\/\/franchir.ca\/en\/franchir-accueille-trois-nouvelles-collegues\/\",\"name\":\"Franchir accueille trois nouvelles coll\u00e8gues! -\",\"isPartOf\":{\"@id\":\"https:\/\/franchir.ca\/en\/#website\"},\"primaryImageOfPage\":{\"@id\":\"https:\/\/franchir.ca\/en\/franchir-accueille-trois-nouvelles-collegues\/#primaryimage\"},\"image\":{\"@id\":\"https:\/\/franchir.ca\/en\/franchir-accueille-trois-nouvelles-collegues\/#primaryimage\"},\"thumbnailUrl\":\"https:\/\/franchir.ca\/wp-content\/uploads\/2026\/04\/nouveau-projet.png\",\"datePublished\":\"2026-04-08T13:22:40+00:00\",\"dateModified\":\"2026-04-08T13:22:44+00:00\",\"description\":\"De nouvelles ressources pour bonifier la gamme de services de Franchir et renforcer la direction.\",\"breadcrumb\":{\"@id\":\"https:\/\/franchir.ca\/en\/franchir-accueille-trois-nouvelles-collegues\/#breadcrumb\"},\"inLanguage\":\"en-US\",\"potentialAction\":[{\"@type\":\"ReadAction\",\"target\":[\"https:\/\/franchir.ca\/en\/franchir-accueille-trois-nouvelles-collegues\/\"]}]},{\"@type\":\"ImageObject\",\"inLanguage\":\"en-US\",\"@id\":\"https:\/\/franchir.ca\/en\/franchir-accueille-trois-nouvelles-collegues\/#primaryimage\",\"url\":\"https:\/\/franchir.ca\/wp-content\/uploads\/2026\/04\/nouveau-projet.png\",\"contentUrl\":\"https:\/\/franchir.ca\/wp-content\/uploads\/2026\/04\/nouveau-projet.png\",\"width\":1600,\"height\":1080},{\"@type\":\"BreadcrumbList\",\"@id\":\"https:\/\/franchir.ca\/en\/franchir-accueille-trois-nouvelles-collegues\/#breadcrumb\",\"itemListElement\":[{\"@type\":\"ListItem\",\"position\":1,\"name\":\"Home\",\"item\":\"https:\/\/franchir.ca\/en\/\"},{\"@type\":\"ListItem\",\"position\":2,\"name\":\"Franchir accueille trois nouvelles coll\u00e8gues!\"}]},{\"@type\":\"WebSite\",\"@id\":\"https:\/\/franchir.ca\/en\/#website\",\"url\":\"https:\/\/franchir.ca\/en\/\",\"name\":\"FRANCHIR, agence de communication marketing au Canada\",\"description\":\"agence de communication marketing au Canada\",\"publisher\":{\"@id\":\"https:\/\/franchir.ca\/en\/#organization\"},\"potentialAction\":[{\"@type\":\"SearchAction\",\"target\":{\"@type\":\"EntryPoint\",\"urlTemplate\":\"https:\/\/franchir.ca\/en\/?s={search_term_string}\"},\"query-input\":{\"@type\":\"PropertyValueSpecification\",\"valueRequired\":true,\"valueName\":\"search_term_string\"}}],\"inLanguage\":\"en-US\"},{\"@type\":\"Organization\",\"@id\":\"https:\/\/franchir.ca\/en\/#organization\",\"name\":\"FRANCHIR, agence de communication marketing au Canada\",\"url\":\"https:\/\/franchir.ca\/en\/\",\"logo\":{\"@type\":\"ImageObject\",\"inLanguage\":\"en-US\",\"@id\":\"https:\/\/franchir.ca\/en\/#\/schema\/logo\/image\/\",\"url\":\"https:\/\/franchir.ca\/wp-content\/uploads\/2023\/03\/cropped-sitelogo.png\",\"contentUrl\":\"https:\/\/franchir.ca\/wp-content\/uploads\/2023\/03\/cropped-sitelogo.png\",\"width\":1440,\"height\":360,\"caption\":\"FRANCHIR, agence de communication marketing au Canada\"},\"image\":{\"@id\":\"https:\/\/franchir.ca\/en\/#\/schema\/logo\/image\/\"},\"sameAs\":[\"https:\/\/www.facebook.com\/AgenceFranchir\",\"https:\/\/x.com\/AgenceFranchir\",\"https:\/\/www.linkedin.com\/company\/agencefranchir\/\",\"https:\/\/www.instagram.com\/agence_franchir\/\"]},{\"@type\":\"Person\",\"@id\":\"https:\/\/franchir.ca\/en\/#\/schema\/person\/d341dfc304108ecd9143c97555892e70\",\"name\":\"Mireille Azema\",\"image\":{\"@type\":\"ImageObject\",\"inLanguage\":\"en-US\",\"@id\":\"https:\/\/franchir.ca\/en\/#\/schema\/person\/image\/\",\"url\":\"https:\/\/franchir.ca\/wp-content\/litespeed\/avatar\/eefadfd9b35bc6fa95aa55dbe1bb1c34.jpg?ver=1777437368\",\"contentUrl\":\"https:\/\/franchir.ca\/wp-content\/litespeed\/avatar\/eefadfd9b35bc6fa95aa55dbe1bb1c34.jpg?ver=1777437368\",\"caption\":\"Mireille Azema\"},\"url\":\"https:\/\/franchir.ca\/en\/author\/fr_admin_mireille\/\"}]}<\/script>\n<!-- \/ Yoast SEO plugin. -->","yoast_head_json":{"title":"Franchir accueille trois nouvelles coll\u00e8gues! -","description":"De nouvelles ressources pour bonifier la gamme de services de Franchir et renforcer la direction.","robots":{"index":"index","follow":"follow","max-snippet":"max-snippet:-1","max-image-preview":"max-image-preview:large","max-video-preview":"max-video-preview:-1"},"canonical":"https:\/\/franchir.ca\/en\/franchir-accueille-trois-nouvelles-collegues\/","og_locale":"en_US","og_type":"article","og_title":"Franchir accueille trois nouvelles coll\u00e8gues! -","og_description":"De nouvelles ressources pour bonifier la gamme de services de Franchir et renforcer la direction.","og_url":"https:\/\/franchir.ca\/en\/franchir-accueille-trois-nouvelles-collegues\/","article_publisher":"https:\/\/www.facebook.com\/AgenceFranchir","article_published_time":"2026-04-08T13:22:40+00:00","article_modified_time":"2026-04-08T13:22:44+00:00","og_image":[{"width":1024,"height":691,"url":"https:\/\/franchir.ca\/wp-content\/uploads\/2026\/04\/nouveau-projet-1024x691.png","type":"image\/png"}],"author":"Mireille Azema","twitter_card":"summary_large_image","twitter_creator":"@AgenceFranchir","twitter_site":"@AgenceFranchir","twitter_misc":{"Written by":"Mireille Azema","Est. reading time":"2 minutes"},"schema":{"@context":"https:\/\/schema.org","@graph":[{"@type":"Article","@id":"https:\/\/franchir.ca\/en\/franchir-accueille-trois-nouvelles-collegues\/#article","isPartOf":{"@id":"https:\/\/franchir.ca\/en\/franchir-accueille-trois-nouvelles-collegues\/"},"author":{"name":"Mireille Azema","@id":"https:\/\/franchir.ca\/en\/#\/schema\/person\/d341dfc304108ecd9143c97555892e70"},"headline":"Franchir accueille trois nouvelles coll\u00e8gues!","datePublished":"2026-04-08T13:22:40+00:00","dateModified":"2026-04-08T13:22:44+00:00","mainEntityOfPage":{"@id":"https:\/\/franchir.ca\/en\/franchir-accueille-trois-nouvelles-collegues\/"},"wordCount":447,"commentCount":0,"publisher":{"@id":"https:\/\/franchir.ca\/en\/#organization"},"image":{"@id":"https:\/\/franchir.ca\/en\/franchir-accueille-trois-nouvelles-collegues\/#primaryimage"},"thumbnailUrl":"https:\/\/franchir.ca\/wp-content\/uploads\/2026\/04\/nouveau-projet.png","articleSection":["Annonce","Communication","Ressources Humaines"],"inLanguage":"en-US","potentialAction":[{"@type":"CommentAction","name":"Comment","target":["https:\/\/franchir.ca\/en\/franchir-accueille-trois-nouvelles-collegues\/#respond"]}]},{"@type":"WebPage","@id":"https:\/\/franchir.ca\/en\/franchir-accueille-trois-nouvelles-collegues\/","url":"https:\/\/franchir.ca\/en\/franchir-accueille-trois-nouvelles-collegues\/","name":"Franchir accueille trois nouvelles coll\u00e8gues! -","isPartOf":{"@id":"https:\/\/franchir.ca\/en\/#website"},"primaryImageOfPage":{"@id":"https:\/\/franchir.ca\/en\/franchir-accueille-trois-nouvelles-collegues\/#primaryimage"},"image":{"@id":"https:\/\/franchir.ca\/en\/franchir-accueille-trois-nouvelles-collegues\/#primaryimage"},"thumbnailUrl":"https:\/\/franchir.ca\/wp-content\/uploads\/2026\/04\/nouveau-projet.png","datePublished":"2026-04-08T13:22:40+00:00","dateModified":"2026-04-08T13:22:44+00:00","description":"De nouvelles ressources pour bonifier la gamme de services de Franchir et renforcer la direction.","breadcrumb":{"@id":"https:\/\/franchir.ca\/en\/franchir-accueille-trois-nouvelles-collegues\/#breadcrumb"},"inLanguage":"en-US","potentialAction":[{"@type":"ReadAction","target":["https:\/\/franchir.ca\/en\/franchir-accueille-trois-nouvelles-collegues\/"]}]},{"@type":"ImageObject","inLanguage":"en-US","@id":"https:\/\/franchir.ca\/en\/franchir-accueille-trois-nouvelles-collegues\/#primaryimage","url":"https:\/\/franchir.ca\/wp-content\/uploads\/2026\/04\/nouveau-projet.png","contentUrl":"https:\/\/franchir.ca\/wp-content\/uploads\/2026\/04\/nouveau-projet.png","width":1600,"height":1080},{"@type":"BreadcrumbList","@id":"https:\/\/franchir.ca\/en\/franchir-accueille-trois-nouvelles-collegues\/#breadcrumb","itemListElement":[{"@type":"ListItem","position":1,"name":"Home","item":"https:\/\/franchir.ca\/en\/"},{"@type":"ListItem","position":2,"name":"Franchir accueille trois nouvelles coll\u00e8gues!"}]},{"@type":"WebSite","@id":"https:\/\/franchir.ca\/en\/#website","url":"https:\/\/franchir.ca\/en\/","name":"FRANCHIR, agence de communication marketing au Canada","description":"agence de communication marketing au Canada","publisher":{"@id":"https:\/\/franchir.ca\/en\/#organization"},"potentialAction":[{"@type":"SearchAction","target":{"@type":"EntryPoint","urlTemplate":"https:\/\/franchir.ca\/en\/?s={search_term_string}"},"query-input":{"@type":"PropertyValueSpecification","valueRequired":true,"valueName":"search_term_string"}}],"inLanguage":"en-US"},{"@type":"Organization","@id":"https:\/\/franchir.ca\/en\/#organization","name":"FRANCHIR, agence de communication marketing au Canada","url":"https:\/\/franchir.ca\/en\/","logo":{"@type":"ImageObject","inLanguage":"en-US","@id":"https:\/\/franchir.ca\/en\/#\/schema\/logo\/image\/","url":"https:\/\/franchir.ca\/wp-content\/uploads\/2023\/03\/cropped-sitelogo.png","contentUrl":"https:\/\/franchir.ca\/wp-content\/uploads\/2023\/03\/cropped-sitelogo.png","width":1440,"height":360,"caption":"FRANCHIR, agence de communication marketing au Canada"},"image":{"@id":"https:\/\/franchir.ca\/en\/#\/schema\/logo\/image\/"},"sameAs":["https:\/\/www.facebook.com\/AgenceFranchir","https:\/\/x.com\/AgenceFranchir","https:\/\/www.linkedin.com\/company\/agencefranchir\/","https:\/\/www.instagram.com\/agence_franchir\/"]},{"@type":"Person","@id":"https:\/\/franchir.ca\/en\/#\/schema\/person\/d341dfc304108ecd9143c97555892e70","name":"Mireille Azema","image":{"@type":"ImageObject","inLanguage":"en-US","@id":"https:\/\/franchir.ca\/en\/#\/schema\/person\/image\/","url":"https:\/\/franchir.ca\/wp-content\/litespeed\/avatar\/eefadfd9b35bc6fa95aa55dbe1bb1c34.jpg?ver=1777437368","contentUrl":"https:\/\/franchir.ca\/wp-content\/litespeed\/avatar\/eefadfd9b35bc6fa95aa55dbe1bb1c34.jpg?ver=1777437368","caption":"Mireille Azema"},"url":"https:\/\/franchir.ca\/en\/author\/fr_admin_mireille\/"}]}},"jetpack_publicize_connections":[],"jetpack_featured_media_url":"https:\/\/franchir.ca\/wp-content\/uploads\/2026\/04\/nouveau-projet.png","jetpack_shortlink":"https:\/\/wp.me\/peG484-1gN","jetpack_sharing_enabled":true,"_links":{"self":[{"href":"https:\/\/franchir.ca\/en\/wp-json\/wp\/v2\/posts\/4885","targetHints":{"allow":["GET"]}}],"collection":[{"href":"https:\/\/franchir.ca\/en\/wp-json\/wp\/v2\/posts"}],"about":[{"href":"https:\/\/franchir.ca\/en\/wp-json\/wp\/v2\/types\/post"}],"author":[{"embeddable":true,"href":"https:\/\/franchir.ca\/en\/wp-json\/wp\/v2\/users\/2"}],"replies":[{"embeddable":true,"href":"https:\/\/franchir.ca\/en\/wp-json\/wp\/v2\/comments?post=4885"}],"version-history":[{"count":1,"href":"https:\/\/franchir.ca\/en\/wp-json\/wp\/v2\/posts\/4885\/revisions"}],"predecessor-version":[{"id":4890,"href":"https:\/\/franchir.ca\/en\/wp-json\/wp\/v2\/posts\/4885\/revisions\/4890"}],"wp:featuredmedia":[{"embeddable":true,"href":"https:\/\/franchir.ca\/en\/wp-json\/wp\/v2\/media\/4888"}],"wp:attachment":[{"href":"https:\/\/franchir.ca\/en\/wp-json\/wp\/v2\/media?parent=4885"}],"wp:term":[{"taxonomy":"category","embeddable":true,"href":"https:\/\/franchir.ca\/en\/wp-json\/wp\/v2\/categories?post=4885"},{"taxonomy":"post_tag","embeddable":true,"href":"https:\/\/franchir.ca\/en\/wp-json\/wp\/v2\/tags?post=4885"}],"curies":[{"name":"wp","href":"https:\/\/api.w.org\/{rel}","templated":true}]}}